{"id":348,"date":"2022-07-15T09:51:58","date_gmt":"2022-07-15T07:51:58","guid":{"rendered":"https:\/\/corpus.kylos.pl\/wordpress\/?p=348"},"modified":"2022-07-15T09:51:59","modified_gmt":"2022-07-15T07:51:59","slug":"retour-sur-les-journees-prairial","status":"publish","type":"post","link":"https:\/\/oracle.persee.fr\/?p=348","title":{"rendered":"Retour sur les journ\u00e9es Prairial"},"content":{"rendered":"\n<p>Notre \u00e9quipe s\u2019est rendue le mardi 14 juin 2022 aux rencontres interprofessionnelles organis\u00e9es par le P\u00f4le \u00e9ditorial Prairial au sein de l\u2019Universit\u00e9 Lyon 2, \u00e0 l\u2019occasion des cinq ans de sa plateforme. Plac\u00e9e sous le titre d\u2019\u00ab \u00c9diter et diffuser des revues de SHS en acc\u00e8s ouvert&nbsp;\u00bb, cette journ\u00e9e fut l\u2019occasion de rencontrer diff\u00e9rents acteurs lyonnais et nationaux de la diffusion scientifique, pour dialoguer et comprendre davantage les particularit\u00e9s propres \u00e0 chaque organisme. Etaient pr\u00e9sentes les infrastructures suivantes&nbsp;: OpenEdition, M\u00e9topes, Episciences, Mir@bel, Pers\u00e9e et Prairial, PUSE, M\u00e9dici, ENS Editions, Rep\u00e8res et InSHS.<\/p>\n\n\n\n<p>En effet, chacun de ces acteurs est avant tout un partenaire faisant partie d\u2019un r\u00e9seau plus grand et visant \u00e0 donner acc\u00e8s au savoir. Des projets naissent r\u00e9guli\u00e8rement et les interconnexions se font aussi par l\u2019\u00e9change autour de leur fonctionnement interne. Ainsi, \u00e0 travers des sessions-ateliers d\u2019une heure, \u00e9taient pr\u00e9sent\u00e9s les processus \u00e9ditoriaux utilis\u00e9s par les revues et plateformes pr\u00e9sentes&nbsp;: quels sont les crit\u00e8res Qu\u00e9ro&nbsp;? Comment d\u00e9clare-t-on sa revue dans Mir@bel, Sherpa Romeo, le DOAJ&nbsp;? Quelles sont les conditions de reproduction des images&nbsp;? Par ailleurs, quelle strat\u00e9gie de communication d\u00e9ployer autour de sa revue&nbsp;?&nbsp;<\/p>\n\n\n\n<p>Ainsi, ces rencontres nous ont permis d\u2019\u00e9changer autour des sp\u00e9cificit\u00e9s \u00e9ditoriales de l\u2019acc\u00e8s ouvert.<\/p>\n\n\n\n<p><em>\u00c9l\u00e9onore Kolar<\/em><\/p>\n\n\n\n<p><\/p>\n","protected":false},"excerpt":{"rendered":"<p>Notre \u00e9quipe s\u2019est rendue le mardi 14 juin 2022 aux rencontres interprofessionnelles organis\u00e9es par le P\u00f4le \u00e9ditorial Prairial au sein<\/p>\n","protected":false},"author":2,"featured_media":352,"comment_status":"open","ping_status":"open","sticky":false,"template":"","format":"standard","meta":{"colormag_page_container_layout":"default_layout","colormag_page_sidebar_layout":"default_layout","footnotes":"","_links_to":"","_links_to_target":""},"categories":[42],"tags":[53],"class_list":["post-348","post","type-post","status-publish","format-standard","has-post-thumbnail","hentry","category-evenements","tag-passes"],"_links":{"self":[{"href":"https:\/\/oracle.persee.fr\/index.php?rest_route=\/wp\/v2\/posts\/348","targetHints":{"allow":["GET"]}}],"collection":[{"href":"https:\/\/oracle.persee.fr\/index.php?rest_route=\/wp\/v2\/posts"}],"about":[{"href":"https:\/\/oracle.persee.fr\/index.php?rest_route=\/wp\/v2\/types\/post"}],"author":[{"embeddable":true,"href":"https:\/\/oracle.persee.fr\/index.php?rest_route=\/wp\/v2\/users\/2"}],"replies":[{"embeddable":true,"href":"https:\/\/oracle.persee.fr\/index.php?rest_route=%2Fwp%2Fv2%2Fcomments&post=348"}],"version-history":[{"count":1,"href":"https:\/\/oracle.persee.fr\/index.php?rest_route=\/wp\/v2\/posts\/348\/revisions"}],"predecessor-version":[{"id":353,"href":"https:\/\/oracle.persee.fr\/index.php?rest_route=\/wp\/v2\/posts\/348\/revisions\/353"}],"wp:featuredmedia":[{"embeddable":true,"href":"https:\/\/oracle.persee.fr\/index.php?rest_route=\/wp\/v2\/media\/352"}],"wp:attachment":[{"href":"https:\/\/oracle.persee.fr\/index.php?rest_route=%2Fwp%2Fv2%2Fmedia&parent=348"}],"wp:term":[{"taxonomy":"category","embeddable":true,"href":"https:\/\/oracle.persee.fr\/index.php?rest_route=%2Fwp%2Fv2%2Fcategories&post=348"},{"taxonomy":"post_tag","embeddable":true,"href":"https:\/\/oracle.persee.fr\/index.php?rest_route=%2Fwp%2Fv2%2Ftags&post=348"}],"curies":[{"name":"wp","href":"https:\/\/api.w.org\/{rel}","templated":true}]}}